{"id":764,"date":"2018-12-04T22:40:45","date_gmt":"2018-12-04T21:40:45","guid":{"rendered":"http:\/\/2i2.es\/?p=764"},"modified":"2018-12-04T22:46:24","modified_gmt":"2018-12-04T21:46:24","slug":"prejuicio-racismo-y-xenofobia","status":"publish","type":"post","link":"https:\/\/2i2.es\/?p=764","title":{"rendered":"Prejuicio, Racismo y Xenofobia"},"content":{"rendered":"\n<p class=\"has-drop-cap\">Hacemos esta entrada en el Blog, para introducir el <em><strong>Proyecto Entreculturas<\/strong><\/em> que vamos a trabajar en el centro durante estas dos semanas. Como punto de partida del proyecto, y sentido de esta entrada, es hablar de conceptos tales como: Prejuicio, Racismo y Xenofobia. <br><\/p>\n\n\n\n<p>La mayor\u00eda de personas creen que los conceptos xenofobia y racismo tienen el mismo significado, pero no es as\u00ed; porque estos dos t\u00e9rminos se refieren a cosas totalmente diferentes.<\/p>\n\n\n\n<p><strong>La Xenofobia<\/strong> se define como \u201caversi\u00f3n, rechazo u odio a los extranjeros\u201d. Tambi\u00e9n puede decirse que es \u201cun miedo hacia aquello que no esparte de la cultura propia\u201d. Por otra parte, <strong>el racismo<\/strong> puede definirse como \u201cel pensamiento o la idea de queuna raza es mejor que otras\u201d. El racismo puede ser una de las formas en que se manifiesta la xenofobia, pero sin duda, ambos t\u00e9rminos no se refieren a lo mismo. El xen\u00f3fobo desprecia o teme a los extranjeros no necesariamente por su raza, su color\u2026sino porque es ajeno a su cultura. El miedo o rechazo hacia los inmigrantes es algo muy com\u00fan y un ejemplo de xenofobia. Por otra parte, el racismo s\u00ed se caracteriza porque las personas racistas toman en cuenta la raza de aquellos a quienes desprecian. Para los racistas, el color de la piel es un factor importante. Los racistas tratan a aquellos que consideran de una \u201craza inferior\u201d con odio y falta de respeto. <\/p>\n\n\n\n<blockquote class=\"wp-block-quote is-layout-flow wp-block-quote-is-layout-flow\"><p><em>\u00abEs m\u00e1s f\u00e1cil desintegrar un \u00e1tomo que un prejuicio.\u201d<\/em><\/p><cite>Albert Einstein<br><\/cite><\/blockquote>\n\n\n\n<figure class=\"wp-block-embed-youtube wp-block-embed is-type-video is-provider-youtube wp-embed-aspect-16-9 wp-has-aspect-ratio\"><div class=\"wp-block-embed__wrapper\">\n<iframe title=\"\u00bfTe atrever\u00edas a preguntar qui\u00e9n eres en realidad? (DNA Journey \/ Viaje de ADN (subtitulado))\" width=\"500\" height=\"281\" src=\"https:\/\/www.youtube.com\/embed\/1c3QkhV5vX0?feature=oembed\" frameborder=\"0\" allow=\"accelerometer; autoplay; clipboard-write; encrypted-media; gyroscope; picture-in-picture; web-share\" referrerpolicy=\"strict-origin-when-cross-origin\" allowfullscreen><\/iframe>\n<\/div><\/figure>\n\n\n\n<p><\/p>\n\n\n\n<figure class=\"wp-block-embed-youtube wp-block-embed is-type-video is-provider-youtube wp-embed-aspect-16-9 wp-has-aspect-ratio\"><div class=\"wp-block-embed__wrapper\">\n<iframe title=\"Doll Test - Los efectos del racismo en los ni\u00f1os (ESP)\" width=\"500\" height=\"281\" src=\"https:\/\/www.youtube.com\/embed\/qGDvt4yKTiM?feature=oembed\" frameborder=\"0\" allow=\"accelerometer; autoplay; clipboard-write; encrypted-media; gyroscope; picture-in-picture; web-share\" referrerpolicy=\"strict-origin-when-cross-origin\" allowfullscreen><\/iframe>\n<\/div><\/figure>\n\n\n\n<p><\/p>\n\n\n\n<figure class=\"wp-block-embed-youtube wp-block-embed is-type-video is-provider-youtube wp-embed-aspect-16-9 wp-has-aspect-ratio\"><div class=\"wp-block-embed__wrapper\">\n<iframe title=\"El v\u00eddeo dan\u00e9s que nos recuerda lo f\u00e1cil que es encasillar a las personas\" width=\"500\" height=\"281\" src=\"https:\/\/www.youtube.com\/embed\/fXBXOaLcMZg?feature=oembed\" frameborder=\"0\" allow=\"accelerometer; autoplay; clipboard-write; encrypted-media; gyroscope; picture-in-picture; web-share\" referrerpolicy=\"strict-origin-when-cross-origin\" allowfullscreen><\/iframe>\n<\/div><\/figure>\n\n\n\n<p><\/p>\n\n\n\n<figure class=\"wp-block-embed-youtube wp-block-embed is-type-video is-provider-youtube wp-embed-aspect-16-9 wp-has-aspect-ratio\"><div class=\"wp-block-embed__wrapper\">\n<iframe title=\"Poderoso mensaje de Lituania contra el racismo\" width=\"500\" height=\"281\" src=\"https:\/\/www.youtube.com\/embed\/v52BzCXn2r4?feature=oembed\" frameborder=\"0\" allow=\"accelerometer; autoplay; clipboard-write; encrypted-media; gyroscope; picture-in-picture; web-share\" referrerpolicy=\"strict-origin-when-cross-origin\" allowfullscreen><\/iframe>\n<\/div><\/figure>\n\n\n\n<p><\/p>\n","protected":false},"excerpt":{"rendered":"<p>Hacemos esta entrada en el Blog, para introducir el Proyecto Entreculturas que vamos a trabajar en el centro durante estas [&hellip;]<\/p>\n","protected":false},"author":1,"featured_media":765,"comment_status":"open","ping_status":"open","sticky":false,"template":"","format":"standard","meta":{"site-sidebar-layout":"default","site-content-layout":"","ast-site-content-layout":"default","site-content-style":"default","site-sidebar-style":"default","ast-global-header-display":"","ast-banner-title-visibility":"","ast-main-header-display":"","ast-hfb-above-header-display":"","ast-hfb-below-header-display":"","ast-hfb-mobile-header-display":"","site-post-title":"","ast-breadcrumbs-content":"","ast-featured-img":"","footer-sml-layout":"","ast-disable-related-posts":"","theme-transparent-header-meta":"","adv-header-id-meta":"","stick-header-meta":"","header-above-stick-meta":"","header-main-stick-meta":"","header-below-stick-meta":"","astra-migrate-meta-layouts":"default","ast-page-background-enabled":"default","ast-page-background-meta":{"desktop":{"background-color":"var(--ast-global-color-4)","background-image":"","background-repeat":"repeat","background-position":"center center","background-size":"auto","background-attachment":"scroll","background-type":"","background-media":"","overlay-type":"","overlay-color":"","overlay-opacity":"","overlay-gradient":""},"tablet":{"background-color":"","background-image":"","background-repeat":"repeat","background-position":"center center","background-size":"auto","background-attachment":"scroll","background-type":"","background-media":"","overlay-type":"","overlay-color":"","overlay-opacity":"","overlay-gradient":""},"mobile":{"background-color":"","background-image":"","background-repeat":"repeat","background-position":"center center","background-size":"auto","background-attachment":"scroll","background-type":"","background-media":"","overlay-type":"","overlay-color":"","overlay-opacity":"","overlay-gradient":""}},"ast-content-background-meta":{"desktop":{"background-color":"var(--ast-global-color-5)","background-image":"","background-repeat":"repeat","background-position":"center center","background-size":"auto","background-attachment":"scroll","background-type":"","background-media":"","overlay-type":"","overlay-color":"","overlay-opacity":"","overlay-gradient":""},"tablet":{"background-color":"var(--ast-global-color-5)","background-image":"","background-repeat":"repeat","background-position":"center center","background-size":"auto","background-attachment":"scroll","background-type":"","background-media":"","overlay-type":"","overlay-color":"","overlay-opacity":"","overlay-gradient":""},"mobile":{"background-color":"var(--ast-global-color-5)","background-image":"","background-repeat":"repeat","background-position":"center center","background-size":"auto","background-attachment":"scroll","background-type":"","background-media":"","overlay-type":"","overlay-color":"","overlay-opacity":"","overlay-gradient":""}},"_jetpack_memberships_contains_paid_content":false,"footnotes":"","jetpack_publicize_message":"","jetpack_publicize_feature_enabled":true,"jetpack_social_post_already_shared":false,"jetpack_social_options":{"image_generator_settings":{"template":"highway","default_image_id":0,"font":"","enabled":false},"version":2}},"categories":[1,8],"tags":[115,48,113,114],"class_list":["post-764","post","type-post","status-publish","format-standard","has-post-thumbnail","hentry","category-proyectos","category-conciencia","tag-intercultural","tag-proyecto","tag-racismo","tag-xonofobia"],"jetpack_publicize_connections":[],"jetpack_featured_media_url":"https:\/\/2i2.es\/wp-content\/uploads\/2018\/12\/3324-systematic-racism-1200x630.jpg","jetpack_sharing_enabled":true,"_links":{"self":[{"href":"https:\/\/2i2.es\/index.php?rest_route=\/wp\/v2\/posts\/764","targetHints":{"allow":["GET"]}}],"collection":[{"href":"https:\/\/2i2.es\/index.php?rest_route=\/wp\/v2\/posts"}],"about":[{"href":"https:\/\/2i2.es\/index.php?rest_route=\/wp\/v2\/types\/post"}],"author":[{"embeddable":true,"href":"https:\/\/2i2.es\/index.php?rest_route=\/wp\/v2\/users\/1"}],"replies":[{"embeddable":true,"href":"https:\/\/2i2.es\/index.php?rest_route=%2Fwp%2Fv2%2Fcomments&post=764"}],"version-history":[{"count":5,"href":"https:\/\/2i2.es\/index.php?rest_route=\/wp\/v2\/posts\/764\/revisions"}],"predecessor-version":[{"id":771,"href":"https:\/\/2i2.es\/index.php?rest_route=\/wp\/v2\/posts\/764\/revisions\/771"}],"wp:featuredmedia":[{"embeddable":true,"href":"https:\/\/2i2.es\/index.php?rest_route=\/wp\/v2\/media\/765"}],"wp:attachment":[{"href":"https:\/\/2i2.es\/index.php?rest_route=%2Fwp%2Fv2%2Fmedia&parent=764"}],"wp:term":[{"taxonomy":"category","embeddable":true,"href":"https:\/\/2i2.es\/index.php?rest_route=%2Fwp%2Fv2%2Fcategories&post=764"},{"taxonomy":"post_tag","embeddable":true,"href":"https:\/\/2i2.es\/index.php?rest_route=%2Fwp%2Fv2%2Ftags&post=764"}],"curies":[{"name":"wp","href":"https:\/\/api.w.org\/{rel}","templated":true}]}}