{"id":365,"date":"2016-11-21T16:56:19","date_gmt":"2016-11-21T16:56:19","guid":{"rendered":"http:\/\/2i2.es\/?p=365"},"modified":"2016-11-29T16:45:19","modified_gmt":"2016-11-29T16:45:19","slug":"proyecto-para-2o-sc-descubre-a-un-emprendedr","status":"publish","type":"post","link":"https:\/\/2i2.es\/?p=365","title":{"rendered":"PROYECTO PARA 2\u00ba SC : Descubre a un Emprended@r"},"content":{"rendered":"<p><b>PROYECTO \u201cDESCUBRE A UN EMPRENDED@R\u201d<\/b><\/p>\n<p><b><i>Descripci\u00f3n del Trabajo:<\/i><\/b><\/p>\n<p>La idea de este trabajo consiste en que los alumnos se pongan en comunicaci\u00f3n con una persona emprendedora, para realizar una entrevista sobre aspectos como:<\/p>\n<ul>\n<li style=\"text-align: left;\">Decisi\u00f3n por la que hacerse emprendedor,<\/li>\n<li style=\"text-align: left;\">Dificultades, consejos, experiencias, an\u00e9cdotas.<\/li>\n<li style=\"text-align: left;\">Problem\u00e1ticas, dificultades diarias y de supervivencia.<\/li>\n<li style=\"text-align: left;\">Cualidades que debe tener un emprendedor.<\/li>\n<\/ul>\n<p>En definitiva, preguntas con las que el alumno se acerque a la realidad y experiencias de un emprendedor, y que le puedan servir de gu\u00eda para en el caso futuro de escoger dicha opci\u00f3n de vida.<\/p>\n<p>&nbsp;<\/p>\n<p><b><i>Desarrollo del Trabajo:<\/i><\/b><\/p>\n<p style=\"text-align: justify;\">\u00a0\u00a0\u00a0 El trabajo se va a tener una serie de fases que los alumnos podr\u00e1n ir realizando en clase en diferentes momentos, ya que este proyecto se puede simultanear con los trabajos manuales que se est\u00e9n realizando en taller en el momento que esta pr\u00e1ctica se proponga. Las diferentes fases del proyecto son las siguientes:<\/p>\n<ol>\n<li style=\"text-align: justify;\"><b>Escoger<\/b> en el grupo, el negocio del <b>empresario<\/b> que se debe entrevistar. Ver en el siguiente apartado la lista de posibilidades de emprendedores a elegir.<\/li>\n<li style=\"text-align: justify;\"><b>Preparar<\/b> en el grupo y con ayuda del profesor una <b>serie de preguntas<\/b> que se van a realizar en persona al emprendedor escogido. Se realizar\u00e1 un m\u00ednimo de 20 preguntas al entrevistado, para obtener la mayor informaci\u00f3n posible respecto a la vida emprendedora, el negocio en s\u00ed, etc.<\/li>\n<li style=\"text-align: justify;\">Se organizar\u00e1 un momento en clase para preparar la <b>llamada telef\u00f3nica<\/b> que se va a hacer <b>al emprendedor<\/b>, para organizar y planificar una cita en su negocio. La llamada la realizar\u00e1 un responsable por cada grupo y se anotar\u00e1 y notificar\u00e1 al profesor donde, cuando y como ha quedado el grupo para realizar la entrevista.<\/li>\n<li style=\"text-align: justify;\">Una vez que el grupo est\u00e9 en el negocio del emprendedor, el grupo proceder\u00e1 a <b>realizar la entrevista<\/b>. Previamente a la realizaci\u00f3n de la entrevista, los alumnos recoger\u00e1n i<b>nformaci\u00f3n sobre el tipo de negocio<\/b> (en que lugar est\u00e1, que se vende, a qu\u00e9 precio, desde cuando esta la tienda en Palencia, etc.) Posteriormente se realizar\u00e1 la entrevista al emprendedor con las preguntas que se han planificado \u00a0y incluso pueden a\u00f1adir alguna pregunta nueva que surja en el momento. Se recomienda que para hacer la entrevista se use la grabadora del m\u00f3vil para recoger toda la entrevista como har\u00eda un periodista profesional, ya que de esta manera podemos prestar m\u00e1s atenci\u00f3n al entrevistado y recoger la mayor informaci\u00f3n posible. Finalmente antes de irnos del negocio, se deber\u00e1 hacer algunas <b>fotograf\u00edas<\/b> que sirva para documentar la entrevista (foto al emprendedor, a su negocio, a los objetos que se venda, etc.).<\/li>\n<li style=\"text-align: justify;\">Una vez en clase, y con todos los datos de la entrevista (fotograf\u00edas, audio con la entrevista, lista de preguntas hechas, etc.), el grupo debe <b>escribir el reportaje de la entrevista en el blog<\/b> (<a href=\"http:\/\/www.2i2.es\">www.2i2.es<\/a>) . A los alumnos se les dejar\u00e1 una plantilla de gu\u00eda y ejemplo de c\u00f3mo reflejar la entrevista realizada de manera escrita.<\/li>\n<li style=\"text-align: justify;\">Por \u00faltimo, cada grupo realizar\u00e1 una <b>exposici\u00f3n al grupo clase explicando la entrevista<\/b> que han hecho, a quien se la han hecho, qu\u00e9 cosas han sido interesantes y por qu\u00e9, etc. Los alumnos podr\u00e1n hacer uso para exponer la entrevista usando un PowerPoint, usando el las fotos del Blog, etc.<\/li>\n<\/ol>\n<p>&nbsp;<\/p>\n<p><b><i>Objetivos Did\u00e1cticos y Competencias:<\/i><\/b><\/p>\n<p>Los objetivos did\u00e1cticos que se persiguen con este proyecto, est\u00e1n directamente relacionados con el curr\u00edculo de F.P.B. Servicios Comerciales, expresados los mismos en los siguientes puntos:<\/p>\n<ul>\n<li>Conocimiento directo y experiencial de una posible salida profesional.<\/li>\n<li>Conocer de primera mano, las ventajas e inconvenientes de la vida del emprendedor.<\/li>\n<li>Desarrollo de competencia ling\u00fc\u00edstica verbal formal.<\/li>\n<li>Desarrollo de competencia escrita formal.<\/li>\n<li>Desarrollo de competencia en TIC\u2019s<\/li>\n<li>Conocimiento en el \u00e1mbito de gestionar y organizar entrevistas futuras de negocio (Clientes, Proveedores, Personal,&#8230;)<\/li>\n<li>Comunicaci\u00f3n v\u00eda telef\u00f3nica para organizar encuentros.<\/li>\n<li>Desarrollo de competencia en oratoria a trav\u00e9s de la exposici\u00f3n.<\/li>\n<li>An\u00e1lisis y s\u00edntesis de informaci\u00f3n.<\/li>\n<\/ul>\n<p>&nbsp;<\/p>\n<p><b><i>Temporalizaci\u00f3n y puntaci\u00f3n del Proyecto:<\/i><\/b><\/p>\n<ul>\n<li style=\"text-align: justify;\">Plazo <strong>INICIO<\/strong> Proyecto: 21\/11\/2016<\/li>\n<li style=\"text-align: justify;\">Plazo <strong>FINAL\u00a0 Y EXPOSICI\u00d3N<\/strong> Proyecto: 16\/12\/2016<\/li>\n<li style=\"text-align: justify;\">La <strong>puntuaci\u00f3n de este proyecto<\/strong> sobre la nota final del trimestre es de un <strong>30%<\/strong>.<\/li>\n<\/ul>\n<p style=\"text-align: justify;\">El trabajo tiene que estar <strong>publicado en el BLOG al menos el d\u00eda antes de la fecha final<\/strong> del proyecto, siendo adem\u00e1s el d\u00eda en que se exponen los trabajos en grupo.<\/p>\n<p>&nbsp;<\/p>\n<p><b><i>Evaluaci\u00f3n del Proyecto:<\/i><\/b><\/p>\n<table>\n<tbody>\n<tr>\n<td colspan=\"5\">\n<p style=\"text-align: center;\"><b>TABLA DE PORCENTAJES PUNTUACI\u00d3N<\/b><\/p>\n<\/td>\n<\/tr>\n<tr>\n<td colspan=\"4\">\n<p style=\"text-align: center;\"><b>PROYECTO: Descubre a un Emprended@r<\/b><\/p>\n<\/td>\n<td><\/td>\n<\/tr>\n<tr>\n<td colspan=\"4\"><span data-sheets-value=\"{&quot;1&quot;:2,&quot;2&quot;:&quot;-Organizaci\\u00f3n, Planificaci\\u00f3n y Confecci\\u00f3n Lista de Preguntas&quot;}\" data-sheets-userformat=\"{&quot;2&quot;:47997,&quot;3&quot;:{&quot;1&quot;:0},&quot;5&quot;:{&quot;1&quot;:[{&quot;1&quot;:2,&quot;2&quot;:0,&quot;5&quot;:{&quot;1&quot;:2,&quot;2&quot;:0}},{&quot;1&quot;:0,&quot;2&quot;:0,&quot;3&quot;:3},{&quot;1&quot;:1,&quot;2&quot;:0,&quot;4&quot;:1}]},&quot;6&quot;:{&quot;1&quot;:[{&quot;1&quot;:2,&quot;2&quot;:0,&quot;5&quot;:{&quot;1&quot;:2,&quot;2&quot;:0}},{&quot;1&quot;:0,&quot;2&quot;:0,&quot;3&quot;:3},{&quot;1&quot;:1,&quot;2&quot;:0,&quot;4&quot;:1}]},&quot;7&quot;:{&quot;1&quot;:[{&quot;1&quot;:2,&quot;2&quot;:0,&quot;5&quot;:{&quot;1&quot;:2,&quot;2&quot;:0}},{&quot;1&quot;:0,&quot;2&quot;:0,&quot;3&quot;:3},{&quot;1&quot;:1,&quot;2&quot;:0,&quot;4&quot;:1}]},&quot;8&quot;:{&quot;1&quot;:[{&quot;1&quot;:2,&quot;2&quot;:0,&quot;5&quot;:{&quot;1&quot;:2,&quot;2&quot;:0}},{&quot;1&quot;:0,&quot;2&quot;:0,&quot;3&quot;:3},{&quot;1&quot;:1,&quot;2&quot;:0,&quot;4&quot;:1}]},&quot;9&quot;:2,&quot;11&quot;:0,&quot;12&quot;:0,&quot;14&quot;:{&quot;1&quot;:2,&quot;2&quot;:0},&quot;15&quot;:&quot;Calibri&quot;,&quot;16&quot;:11,&quot;18&quot;:1}\">&#8211; Organizaci\u00f3n, Planificaci\u00f3n y Confecci\u00f3n LISTA PREGUNTAS<br \/>\n<\/span><\/td>\n<td>20%<\/td>\n<\/tr>\n<tr>\n<td colspan=\"4\">&#8211; LLAMADA telef\u00f3nica<\/td>\n<td>5%<\/td>\n<\/tr>\n<tr>\n<td colspan=\"4\"><i>&#8211; Valoraci\u00f3n del ENTREVISTADO<\/i><\/td>\n<td>5%<\/td>\n<\/tr>\n<tr>\n<td colspan=\"4\"><i>&#8211; Redacci\u00f3n de la noticia en el BLOG<\/i><\/td>\n<td>50%<\/td>\n<\/tr>\n<tr>\n<td colspan=\"4\"><i>&#8211; Exposici\u00f3n en CLASE<\/i><\/td>\n<td>20%<\/td>\n<\/tr>\n<\/tbody>\n<\/table>\n<p>&nbsp;<\/p>\n<p><b><i>Listado de Emprendedores a entrevistar:<\/i><\/b><\/p>\n<p>A continuaci\u00f3n se propone la lista de negocios que se han seleccionado para realizar la entrevista.<\/p>\n<ul>\n<li>Promotor de conciertos y propietario de bares de copas.<\/li>\n<li>Consulta de Psicolog@<\/li>\n<li>Propietari@ de Bar de Vinos y Comidas<\/li>\n<li>Propietari@ tienda de Muebles.<\/li>\n<li>Propietari@ tienda de Ropa.<\/li>\n<li>Propietari@ tienda de Piel, Bolsos, Regalos y Maletas.<\/li>\n<li>Propietari@ tienda de Alimentaci\u00f3n.<\/li>\n<li>Propietari@ tienda de Inform\u00e1tica.<\/li>\n<li>Propietari@ de una Peluquer\u00eda.<\/li>\n<li>Propietari@ de una Farmacia.<\/li>\n<li>Propietari@ de una Empresa Audiovisual.<\/li>\n<li>Propietari@ tiendas de Bicicletas El\u00e9ctricas.<\/li>\n<li>Propietari@ tienda de Mascotas.<\/li>\n<li>Propietari@ de una Ferreteria.<\/li>\n<\/ul>\n<p>Tambi\u00e9n el grupo puede escoger un emprendedor que ellos conozcan, pero deben de comunicarlo previamente al profesor para valorar la idoneidad.<\/p>\n<p>&nbsp;<\/p>\n<p><b><i>Participantes del Proyecto y Grupos<\/i><\/b><\/p>\n<p>Alumnos de 2\u00ba de Servicios Comerciales, que han sido organizados en grupos definidos por el TUTOR para la realizaci\u00f3n del proyecto.<\/p>\n<table>\n<tbody>\n<tr>\n<td><b>Nombre Alumno<\/b><\/td>\n<td style=\"text-align: center;\"><b>Numero Grupo<\/b><\/td>\n<td style=\"text-align: center;\"><b>Emprended@r<\/b><\/td>\n<\/tr>\n<tr>\n<td>Lorena Losada Fern\u00e1ndez<\/td>\n<td>\n<p style=\"text-align: center;\">1<\/p>\n<\/td>\n<td style=\"text-align: center;\">Propietari@ tienda de Mascotas<\/td>\n<\/tr>\n<tr>\n<td>Youssef El Habib<\/td>\n<td>\n<p style=\"text-align: center;\">1<\/p>\n<\/td>\n<td style=\"text-align: center;\">Propietari@ tienda de Mascotas<\/td>\n<\/tr>\n<tr>\n<td>Edelma Dina Bar\u00f3n Quintanilla<\/td>\n<td>\n<p style=\"text-align: center;\">1<\/p>\n<\/td>\n<td style=\"text-align: center;\">\u00a0Propietari@ tienda de Mascotas<\/td>\n<\/tr>\n<tr>\n<td>Irinel Gavrila<\/td>\n<td>\n<p style=\"text-align: center;\">2<\/p>\n<\/td>\n<td style=\"text-align: center;\">Propietari@ de una Farmacia<\/td>\n<\/tr>\n<tr>\n<td>David Garc\u00eda Asensio<\/td>\n<td>\n<p style=\"text-align: center;\">2<\/p>\n<\/td>\n<td style=\"text-align: center;\">Propietari@ de una Farmacia<\/td>\n<\/tr>\n<tr>\n<td>Beatriz Pajares Antol\u00edn<\/td>\n<td>\n<p style=\"text-align: center;\">2<\/p>\n<\/td>\n<td style=\"text-align: center;\">Propietari@ de una Farmacia<\/td>\n<\/tr>\n<tr>\n<td>Taha Mejdoubi<\/td>\n<td>\n<p style=\"text-align: center;\">3<\/p>\n<\/td>\n<td style=\"text-align: center;\">Propietari@ tienda de Muebles<\/td>\n<\/tr>\n<tr>\n<td>Azucena P\u00e9rez Berdayes<\/td>\n<td>\n<p style=\"text-align: center;\">3<\/p>\n<\/td>\n<td style=\"text-align: center;\">Propietari@ tienda de Muebles<\/td>\n<\/tr>\n<tr>\n<td>Mohamed Kharmichi<\/td>\n<td>\n<p style=\"text-align: center;\">4<\/p>\n<\/td>\n<td>\u00a0Hamburgueser\u00eda \u00a0 \u00a0 \u00a0 \u00a0 \u00a0 \u00a0 \u00a0 \u00a0 \u00a0 \u00a0 \u00a0\u00a0 (Elegido por Raquel)<\/td>\n<\/tr>\n<tr>\n<td>Raquel Romero<\/td>\n<td>\n<p style=\"text-align: center;\">4<\/p>\n<\/td>\n<td>\u00a0Hamburgueser\u00eda \u00a0 \u00a0 \u00a0 \u00a0 \u00a0 \u00a0 \u00a0 \u00a0 \u00a0 \u00a0 \u00a0\u00a0 (Elegido por Raquel)<\/td>\n<\/tr>\n<tr>\n<td>Samara Fernandez Gabarri<\/td>\n<td style=\"text-align: center;\">&#8211;<\/td>\n<td><\/td>\n<\/tr>\n<tr>\n<td>Aitana Frutos Crespo<\/td>\n<td style=\"text-align: center;\">\u00a0&#8211;<\/td>\n<td><\/td>\n<\/tr>\n<\/tbody>\n<\/table>\n<hr \/>\n<p><b><i>APUNTES E IDEAS A TENER EN CUENTA PARA HACER UNA ENTREVISTA<br \/>\n<\/i><\/b><\/p>\n<div style=\"text-align: center;\" data-canvas-width=\"689.0006666666663\"><strong><em>QUE ES LA ENTREVISTA PERIODISTICA<\/em><\/strong><\/div>\n<div style=\"text-align: justify;\" data-canvas-width=\"689.0006666666663\">La entrevista es un di\u00e1logo entre dos o m\u00e1s personas, en el que una de las partes formula preguntas y la otra responde. El objetivo principal de una entrevista es obtener informaci\u00f3n sobre un tema espec\u00edfico. Para ello, el entrevistado debe ser una persona relevante respecto al tema que se va a tratar y que interese a la comunidad. El entrevistador debe ser una persona v\u00e1lida, capaz, preparada y con cierta pericia para responder con soltura a las preguntas formuladas.<\/div>\n<div style=\"text-align: justify;\" data-canvas-width=\"689.0006666666663\"><\/div>\n<div style=\"text-align: justify;\" data-canvas-width=\"363.9766666666667\">La entrevista es una herramienta extremadamente flexible , nos permite aclarar informa ciones, orientar una investigaci\u00f3n y resolver dificultades que surjan sobre la marcha, ya que es capaz de adaptarse a cualquier condici\u00f3n y a cualquier persona.La informaci\u00f3n que el entrevistador obtiene a trav\u00e9s de la entrevista cara a cara es muy superior a la obtenida con la consulta del material ya publicado sobre ella (biograf\u00eda, otras entrevistas, etc.), ya que se pueden captar gestos, \u00e9nfasis, tonos de voz, que complementan la informaci\u00f3n de la que ya disponemos.<\/div>\n<div style=\"text-align: justify;\" data-canvas-width=\"363.9766666666667\"><\/div>\n<div style=\"text-align: center;\" data-canvas-width=\"689.0006666666663\"><strong><em>PASOS A SEGUIR EN UNA ENTREVISTA PERIODISTICA<br \/>\n<\/em><\/strong><\/div>\n<div style=\"text-align: justify;\" data-canvas-width=\"363.9766666666667\">\n<div style=\"text-align: center;\" data-canvas-width=\"689.0006666666663\"><\/div>\n<div style=\"text-align: center;\" data-canvas-width=\"689.0006666666663\"><img fetchpriority=\"high\" decoding=\"async\" class=\"\" src=\"http:\/\/www.firsttuesday.es\/wp-content\/uploads\/2015\/07\/tipo-entrevistador-620x420.jpg\" alt=\"http:\/\/www.firsttuesday.es\/wp-content\/uploads\/2015\/07\/tipo-entrevistador-620x420.jpg\" width=\"449\" height=\"304\" \/><\/div>\n<div style=\"text-align: center;\" data-canvas-width=\"689.0006666666663\"><\/div>\n<ol>\n<li style=\"text-align: justify;\" data-canvas-width=\"689.0006666666663\"><strong>ELIGE TEMA Y FIJAD OBJETIVOS QUE SE PRETENDEN<\/strong>\n<div data-canvas-width=\"219.4243333333333\">El primer paso es decidir de qu\u00e9 se quiere hablar. \u00bfQu\u00e9 te interesa? \u00bfQu\u00e9 le interesa a la comunidad? \u00bfQu\u00e9 les interesa a tus lectores? \u00bfQu\u00e9 est\u00e1 de actualidad? \u00bfQu\u00e9 le interesa a la mayor\u00eda? \u00bfQu\u00e9 le preocupa a la minor\u00eda? Debemos plantearnos a cu\u00e1les de estas preguntas queremos dar respuesta.<\/div>\n<p>En nuestro caso particular, tendremos que plantearnos elegir a un EMPRENDEDOR, y ver que es lo que nos interesa saber de esa persona y su negocio.<\/p>\n<div data-canvas-width=\"338.9353333333332\">Cuando teng\u00e1is claro qu\u00e9 es lo que busc\u00e1is, os ser\u00e1 m\u00e1s sencillo encontrar al entrevistado y preparar el cuestionario de preguntas.<\/div>\n<div data-canvas-width=\"338.9353333333332\"><\/div>\n<\/li>\n<li style=\"text-align: justify;\" data-canvas-width=\"689.0006666666663\"><strong>HACED LOS DEBERES<\/strong>\n<div data-canvas-width=\"665.5716666666665\">Un buen entrevistador debe prepararse a conciencia ante una entrevista. Para ello, el entrevistador debe recopilar previamente informaci\u00f3n sobre:<\/div>\n<div data-canvas-width=\"665.5716666666665\">\u00a0\u00a0\u00a0\u00a0\u00a0\u00a0\u00a0 &#8211; El tema a tratar en la entrevista.<\/div>\n<div data-canvas-width=\"665.5716666666665\">\u00a0\u00a0\u00a0\u00a0\u00a0\u00a0\u00a0 &#8211; Conocer a qu\u00e9 se dedica el entrevistado.<\/div>\n<div data-canvas-width=\"665.5716666666665\">\u00a0 \u00a0 \u00a0 \u00a0 &#8211; Donde, cuando y como contactar con el entrevistado.<\/div>\n<div data-canvas-width=\"665.5716666666665\">\u00a0\u00a0\u00a0\u00a0\u00a0\u00a0\u00a0 &#8211; Buscar informaci\u00f3n relativa al entrevistado en Internet.<\/div>\n<div data-canvas-width=\"665.5716666666665\"><\/div>\n<\/li>\n<li data-canvas-width=\"206.75666666666666\">\n<div data-canvas-width=\"665.5716666666665\"><strong>PREPARAD LAS PREGUNTAS<\/strong><\/div>\n<div data-canvas-width=\"665.5716666666665\"><strong><img decoding=\"async\" class=\"alignright\" src=\"http:\/\/diarioresponsable.com\/images\/lista_inversores_responsables.jpg\" alt=\"http:\/\/diarioresponsable.com\/images\/lista_inversores_responsables.jpg\" width=\"371\" height=\"246\" \/><\/strong><\/div>\n<div data-canvas-width=\"481.45066666666645\">Ahora deb\u00e9is dise\u00f1ar un cuestionario con preguntas clave, que os ayudar\u00e1 a encaminar el di\u00e1logo y evitar olvidos. Otras preguntas nacer\u00e1n espont\u00e1neamente en el transcurso de la entrevista y, por lo general, suelen ser m\u00e1s interesantes que las anotadas. Decidid c\u00f3mo quer\u00e9is comenzar la entrevista. La primera pregunta marcar\u00e1 el tono,\u00a0 por lo que pod\u00e9is preparar alguna introducci\u00f3n que permita romper el hielo y acercaros as\u00ed al entrevistado antes de entrar en el foco de la entrevista.<\/div>\n<div data-canvas-width=\"825.16\">Deber\u00e9is decidir tambi\u00e9n c\u00f3mo quer\u00e9is terminarla. Pod\u00e9is terminar con una pregunta abierta para dar al entrevistado la oportunidad de plantear algo que no se le ha preguntado y expresarse libremente.<\/div>\n<div data-canvas-width=\"615.5216666666668\">Las preguntas deben ser claras y ordenadas, formulando primero las m\u00e1s sencillas y dejando las m\u00e1s complejas o pol\u00e9micas para la segunda mitad de la entrevista.<\/div>\n<div data-canvas-width=\"615.5216666666668\"><\/div>\n<\/li>\n<li data-canvas-width=\"206.75666666666666\">\n<div data-canvas-width=\"665.5716666666665\"><strong>DESARROLLO DE LA ENTREVISTA<\/strong><\/div>\n<div data-canvas-width=\"665.5716666666665\"><\/div>\n<div data-canvas-width=\"31.94333333333333\"><\/div>\n<div data-canvas-width=\"31.94333333333333\"><img decoding=\"async\" class=\"alignleft\" src=\"https:\/\/www.ucas.com\/sites\/default\/files\/interview-checklist-large.jpg\" alt=\"https:\/\/www.ucas.com\/sites\/default\/files\/interview-checklist-large.jpg\" width=\"447\" height=\"251\" \/>En este paso ya pod\u00e9is contactar con la persona que vais a entrevistar y concertar una cita para realizar la entrevista. Os damos algunos consejos que deb\u00e9is tener en cuenta para ese d\u00eda:<\/div>\n<div data-canvas-width=\"31.94333333333333\"><\/div>\n<div data-canvas-width=\"375.102\">\u00a0\u2022 Acudid a la entrevista vestido apropiadamente y bien arreglado.<\/div>\n<div data-canvas-width=\"380.7486666666666\">\u2022 Colocaos a un nivel de igualdad con el entrevistado. Es decir, hablad con \u00e9l\/ella como lo har\u00edais con cualquier otra persona.<\/div>\n<div data-canvas-width=\"427.69300000000004\">\u2022 Observad atentamente al entrevistado y manifestad vuestro inter\u00e9s por lo que contesta.<\/div>\n<div data-canvas-width=\"282.4009999999999\">\u2022 No condicion\u00e9is las respuestas.<\/div>\n<div data-canvas-width=\"648.8463333333333\">\u2022 Anotad las frases y palabras lo m\u00e1s fielmente posible. Una grabadora puede ayudaros. Si opt\u00e1is por anotar las respuestas, abreviad las declaraciones debidamente.<\/div>\n<div data-canvas-width=\"232.98333333333335\">\u2022 Tomad notas o grabad la entrevista os resultar\u00e1 muy \u00fatil a la hora de redactarla, pero no deb\u00e9is distraer nunca al entrevistado con la manipulaci\u00f3n de la grabadora ni haciendo paradas inc\u00f3modas para las notas.<\/div>\n<div data-canvas-width=\"512.7873333333332\">\u2022 Mostraos imparcialesfrente a los planteamientos e ideolog\u00edas del entrevistado.<\/div>\n<div data-canvas-width=\"517.9533333333333\">\u2022 Estableced alg\u00fan v\u00ednculo con el entrevistado , como, por ejemplo, direcci\u00f3n y tel\u00e9fono por si necesit\u00e1is informaci\u00f3n, aclaraciones o datos adicionales.<\/div>\n<div data-canvas-width=\"336.39199999999994\">\u2022\u00a0 No repit\u00e1is las preguntas que ya han sido contestadas.<\/div>\n<div data-canvas-width=\"410.1253333333333\">\u2022 Conceded a vuestro entrevistado el tiempo suficiente para pensar sus respuestas.<\/div>\n<div data-canvas-width=\"410.1253333333333\"><\/div>\n<\/li>\n<li data-canvas-width=\"206.75666666666666\"><strong>REDACTAD LA ENTREVISTA<\/strong>\n<div data-canvas-width=\"481.45066666666645\">\n<div data-canvas-width=\"278.75866666666656\"><img loading=\"lazy\" decoding=\"async\" class=\"irc_mi iFcgie8D8uFY-pQOPx8XEepE alignleft\" src=\"http:\/\/8409-presscdn-0-53.pagely.netdna-cdn.com\/wp-content\/uploads\/2015\/03\/blogpostideas-620x240.png\" alt=\"Imagen relacionada\" width=\"429\" height=\"166\" \/>Una vez realizada la entrevista, toca ponerse manos a la obra y comenzar a escribir. A la hora de redactar la entrevista no es obligatorio ce\u00f1irse al orden cronol\u00f3gico en que se han formulado las respuestas. Deb\u00e9is dise\u00f1ar un esquema de redacci\u00f3n , priorizando los elementos en funci\u00f3n de su valor.<\/div>\n<div data-canvas-width=\"278.75866666666656\"><\/div>\n<div data-canvas-width=\"628.3620000000001\">Recordad que es muy importante cumplir con las reglas gramaticales y ling\u00fc\u00edsticas. Sed claros y precisos siendo fieles a las palabras del entrevistado y no olvid\u00e9is que el espacio condi cionar\u00e1 el estilo de redacci\u00f3n y podr\u00e1 limitar la extensi\u00f3n de la misma.<\/div>\n<\/div>\n<div data-canvas-width=\"481.45066666666645\">\n<p>&nbsp;<\/p>\n<div data-canvas-width=\"363.9766666666667\">\n<div data-canvas-width=\"665.5716666666665\">Por \u00faltimo, no olvideis incorporar la documentaci\u00f3n gr\u00e1fica que hayais obtendido en la entrevista, ya que las fotos realizadas dar\u00e1n mayor potencia durante la lectura de la entrevista.<\/div>\n<\/div>\n<\/div>\n<\/li>\n<\/ol>\n<\/div>\n<p><b><i>Ejemplo de una entrevista periodistica<br \/>\n<\/i><\/b><\/p>\n<p>&nbsp;<\/p>\n","protected":false},"excerpt":{"rendered":"<p>PROYECTO \u201cDESCUBRE A UN EMPRENDED@R\u201d Descripci\u00f3n del Trabajo: La idea de este trabajo consiste en que los alumnos se pongan [&hellip;]<\/p>\n","protected":false},"author":1,"featured_media":366,"comment_status":"open","ping_status":"open","sticky":false,"template":"","format":"standard","meta":{"site-sidebar-layout":"default","site-content-layout":"","ast-site-content-layout":"default","site-content-style":"default","site-sidebar-style":"default","ast-global-header-display":"","ast-banner-title-visibility":"","ast-main-header-display":"","ast-hfb-above-header-display":"","ast-hfb-below-header-display":"","ast-hfb-mobile-header-display":"","site-post-title":"","ast-breadcrumbs-content":"","ast-featured-img":"","footer-sml-layout":"","ast-disable-related-posts":"","theme-transparent-header-meta":"","adv-header-id-meta":"","stick-header-meta":"","header-above-stick-meta":"","header-main-stick-meta":"","header-below-stick-meta":"","astra-migrate-meta-layouts":"default","ast-page-background-enabled":"default","ast-page-background-meta":{"desktop":{"background-color":"var(--ast-global-color-4)","background-image":"","background-repeat":"repeat","background-position":"center center","background-size":"auto","background-attachment":"scroll","background-type":"","background-media":"","overlay-type":"","overlay-color":"","overlay-opacity":"","overlay-gradient":""},"tablet":{"background-color":"","background-image":"","background-repeat":"repeat","background-position":"center center","background-size":"auto","background-attachment":"scroll","background-type":"","background-media":"","overlay-type":"","overlay-color":"","overlay-opacity":"","overlay-gradient":""},"mobile":{"background-color":"","background-image":"","background-repeat":"repeat","background-position":"center center","background-size":"auto","background-attachment":"scroll","background-type":"","background-media":"","overlay-type":"","overlay-color":"","overlay-opacity":"","overlay-gradient":""}},"ast-content-background-meta":{"desktop":{"background-color":"var(--ast-global-color-5)","background-image":"","background-repeat":"repeat","background-position":"center center","background-size":"auto","background-attachment":"scroll","background-type":"","background-media":"","overlay-type":"","overlay-color":"","overlay-opacity":"","overlay-gradient":""},"tablet":{"background-color":"var(--ast-global-color-5)","background-image":"","background-repeat":"repeat","background-position":"center center","background-size":"auto","background-attachment":"scroll","background-type":"","background-media":"","overlay-type":"","overlay-color":"","overlay-opacity":"","overlay-gradient":""},"mobile":{"background-color":"var(--ast-global-color-5)","background-image":"","background-repeat":"repeat","background-position":"center center","background-size":"auto","background-attachment":"scroll","background-type":"","background-media":"","overlay-type":"","overlay-color":"","overlay-opacity":"","overlay-gradient":""}},"_jetpack_memberships_contains_paid_content":false,"footnotes":"","jetpack_publicize_message":"","jetpack_publicize_feature_enabled":true,"jetpack_social_post_already_shared":false,"jetpack_social_options":{"image_generator_settings":{"template":"highway","default_image_id":0,"font":"","enabled":false},"version":2}},"categories":[1],"tags":[57,56,48],"class_list":["post-365","post","type-post","status-publish","format-standard","has-post-thumbnail","hentry","category-proyectos","tag-emprendedor","tag-entrevista","tag-proyecto"],"jetpack_publicize_connections":[],"jetpack_featured_media_url":"https:\/\/2i2.es\/wp-content\/uploads\/2016\/11\/pessoas-aprendem-facil-preferidas-empresas-noticias.jpg","jetpack_sharing_enabled":true,"_links":{"self":[{"href":"https:\/\/2i2.es\/index.php?rest_route=\/wp\/v2\/posts\/365","targetHints":{"allow":["GET"]}}],"collection":[{"href":"https:\/\/2i2.es\/index.php?rest_route=\/wp\/v2\/posts"}],"about":[{"href":"https:\/\/2i2.es\/index.php?rest_route=\/wp\/v2\/types\/post"}],"author":[{"embeddable":true,"href":"https:\/\/2i2.es\/index.php?rest_route=\/wp\/v2\/users\/1"}],"replies":[{"embeddable":true,"href":"https:\/\/2i2.es\/index.php?rest_route=%2Fwp%2Fv2%2Fcomments&post=365"}],"version-history":[{"count":15,"href":"https:\/\/2i2.es\/index.php?rest_route=\/wp\/v2\/posts\/365\/revisions"}],"predecessor-version":[{"id":422,"href":"https:\/\/2i2.es\/index.php?rest_route=\/wp\/v2\/posts\/365\/revisions\/422"}],"wp:featuredmedia":[{"embeddable":true,"href":"https:\/\/2i2.es\/index.php?rest_route=\/wp\/v2\/media\/366"}],"wp:attachment":[{"href":"https:\/\/2i2.es\/index.php?rest_route=%2Fwp%2Fv2%2Fmedia&parent=365"}],"wp:term":[{"taxonomy":"category","embeddable":true,"href":"https:\/\/2i2.es\/index.php?rest_route=%2Fwp%2Fv2%2Fcategories&post=365"},{"taxonomy":"post_tag","embeddable":true,"href":"https:\/\/2i2.es\/index.php?rest_route=%2Fwp%2Fv2%2Ftags&post=365"}],"curies":[{"name":"wp","href":"https:\/\/api.w.org\/{rel}","templated":true}]}}